{"id":246582,"date":"2023-08-29T13:48:42","date_gmt":"2023-08-29T13:48:42","guid":{"rendered":"https:\/\/oddesse.de\/energie-und-trinkwassertagung-in-hawangen\/"},"modified":"2023-08-29T14:08:09","modified_gmt":"2023-08-29T14:08:09","slug":"energie-und-trinkwassertagung-in-hawangen","status":"publish","type":"post","link":"https:\/\/oddesse.de\/fr\/energie-und-trinkwassertagung-in-hawangen\/","title":{"rendered":"Energie- und Trinkwassertagung in Hawangen"},"content":{"rendered":"\n<p><\/p>\n\n<figure class=\"wp-block-image size-full\"><img loading=\"lazy\" decoding=\"async\" width=\"381\" height=\"279\" src=\"https:\/\/oddesse.de\/wp-content\/uploads\/2023\/08\/Hawangen2023_1.jpg\" alt=\"\" class=\"wp-image-246562\"\/><\/figure>\n\n<p class=\"has-medium-font-size\">Le <strong>congr\u00e8s sur l&rsquo;\u00e9nergie et l&rsquo;eau potable \u00e0 Hawangen<\/strong> est depuis 20 ans une plateforme prestigieuse pour la mise en r\u00e9seau des entreprises d&rsquo;approvisionnement en eau et d&rsquo;assainissement, des bureaux d&rsquo;ing\u00e9nieurs, des autorit\u00e9s sp\u00e9cialis\u00e9es, des constructeurs d&rsquo;installations, des fabricants et des prestataires de services. En 2023, nous serons \u00e0 nouveau pr\u00e9sents en tant qu&rsquo;exposants \u00e0 cette manifestation d&rsquo;importance r\u00e9gionale.<\/p>\n\n<p class=\"has-medium-font-size\">Vous trouverez oddesse sur le stand num\u00e9ro 20 du 20 au 21 septembre 2023 dans la salle polyvalente au Ziegeleiweg 26 \u00e0 Hawangen.<\/p>\n\n<p><\/p>\n","protected":false},"excerpt":{"rendered":"<p>Le congr\u00e8s sur l&rsquo;\u00e9nergie et l&rsquo;eau potable \u00e0 Hawangen est depuis 20 ans une plateforme prestigieuse pour la mise en r\u00e9seau des entreprises d&rsquo;approvisionnement en eau et d&rsquo;assainissement, des bureaux d&rsquo;ing\u00e9nieurs, des autorit\u00e9s sp\u00e9cialis\u00e9es, des constructeurs d&rsquo;installations, des fabricants et des prestataires de services. En 2023, nous serons \u00e0 nouveau pr\u00e9sents en tant qu&rsquo;exposants \u00e0 [&hellip;]<\/p>\n","protected":false},"author":2,"featured_media":0,"comment_status":"closed","ping_status":"closed","sticky":false,"template":"","format":"standard","meta":{"_et_pb_use_builder":"","_et_pb_old_content":"","_et_gb_content_width":"","footnotes":""},"categories":[85],"tags":[],"class_list":["post-246582","post","type-post","status-publish","format-standard","hentry","category-salons-et-evenements"],"_links":{"self":[{"href":"https:\/\/oddesse.de\/fr\/wp-json\/wp\/v2\/posts\/246582","targetHints":{"allow":["GET"]}}],"collection":[{"href":"https:\/\/oddesse.de\/fr\/wp-json\/wp\/v2\/posts"}],"about":[{"href":"https:\/\/oddesse.de\/fr\/wp-json\/wp\/v2\/types\/post"}],"author":[{"embeddable":true,"href":"https:\/\/oddesse.de\/fr\/wp-json\/wp\/v2\/users\/2"}],"replies":[{"embeddable":true,"href":"https:\/\/oddesse.de\/fr\/wp-json\/wp\/v2\/comments?post=246582"}],"version-history":[{"count":1,"href":"https:\/\/oddesse.de\/fr\/wp-json\/wp\/v2\/posts\/246582\/revisions"}],"predecessor-version":[{"id":246583,"href":"https:\/\/oddesse.de\/fr\/wp-json\/wp\/v2\/posts\/246582\/revisions\/246583"}],"wp:attachment":[{"href":"https:\/\/oddesse.de\/fr\/wp-json\/wp\/v2\/media?parent=246582"}],"wp:term":[{"taxonomy":"category","embeddable":true,"href":"https:\/\/oddesse.de\/fr\/wp-json\/wp\/v2\/categories?post=246582"},{"taxonomy":"post_tag","embeddable":true,"href":"https:\/\/oddesse.de\/fr\/wp-json\/wp\/v2\/tags?post=246582"}],"curies":[{"name":"wp","href":"https:\/\/api.w.org\/{rel}","templated":true}]}}